{"id":4317,"date":"2022-02-09T17:01:31","date_gmt":"2022-02-09T17:01:31","guid":{"rendered":"https:\/\/hodajlaw.com\/?p=4317"},"modified":"2022-02-09T17:59:35","modified_gmt":"2022-02-09T17:59:35","slug":"taulant-hodaj-zum-generalsekretaer-des-fussballverbands-des-kosovo-ffk-ernannt","status":"publish","type":"post","link":"https:\/\/hodajlaw.com\/de\/2022\/02\/09\/taulant-hodaj-zum-generalsekretaer-des-fussballverbands-des-kosovo-ffk-ernannt\/","title":{"rendered":"Taulant Hodaj zum Generalsekret\u00e4r des Fu\u00dfballverbands des Kosovo (FFK) ernannt."},"content":{"rendered":"<p>Der gesch\u00e4ftsf\u00fchrende Partner der Anwaltskanzlei Hodaj &amp; Partners, Taulant Hodaj, wurde zum Generalsekret\u00e4r des Fu\u00dfballverbands des Kosovo ernannt. Er hat diese Position nach mehrj\u00e4hriger ausgezeichneter Zusammenarbeit mit FFK angenommen und vertritt es vor lokalen und internationalen Gerichten und Institutionen.<br \/>Neben der T\u00e4tigkeit als Rechtsberater wird Herr Hodaj in seiner Eigenschaft als Generalsekret\u00e4r f\u00fcr eine gewisse Zeit bei FFK im Bereich des nationalen, internationalen Rechts und des Sportrechts mitwirken. FFK ist als Institution vollst\u00e4ndig in die europ\u00e4ischen (UEFA) und weltweiten (FIFA) Strukturen des Fu\u00dfballs integriert.<br \/>Herr Hodaj wird eine wichtige S\u00e4ule f\u00fcr FFK sein und sich f\u00fcr die Erreichung seiner langfristigen Ziele einsetzen, insbesondere f\u00fcr die Harmonisierung normativer Akte mit den h\u00f6chsten Kriterien von UEFA und FIFA, die rechtliche Vertretung in lokalen und internationalen Institutionen, um den kosovarischen Fu\u00dfball voranzubringen.<\/p>","protected":false},"excerpt":{"rendered":"<p>Der gesch\u00e4ftsf\u00fchrende Partner der Anwaltskanzlei Hodaj &amp; Partners, Taulant Hodaj, wurde zum Generalsekret\u00e4r des Fu\u00dfballverbands des Kosovo ernannt. Er hat diese Position nach mehrj\u00e4hriger ausgezeichneter Zusammenarbeit mit FFK angenommen und&hellip;<\/p>","protected":false},"author":4,"featured_media":4318,"comment_status":"closed","ping_status":"closed","sticky":false,"template":"","format":"standard","meta":{"_lmt_disableupdate":"","_lmt_disable":"","footnotes":""},"categories":[],"tags":[],"class_list":["post-4317","post","type-post","status-publish","format-standard","has-post-thumbnail","hentry"],"yoast_head":"<!-- This site is optimized with the Yoast SEO plugin v27.4 - https:\/\/yoast.com\/product\/yoast-seo-wordpress\/ -->\n<title>Taulant Hodaj zum Generalsekret\u00e4r des Fu\u00dfballverbands des Kosovo (FFK) ernannt. - Hodaj &amp; Partners L.L.C.<\/title>\n<meta name=\"description\" content=\"Hodaj &amp; Partners L.L.C\" \/>\n<meta name=\"robots\" content=\"index, follow, max-snippet:-1, max-image-preview:large, max-video-preview:-1\" \/>\n<link rel=\"canonical\" href=\"https:\/\/hodajlaw.com\/de\/2022\/02\/09\/taulant-hodaj-zum-generalsekretaer-des-fussballverbands-des-kosovo-ffk-ernannt\/?lang=de\" \/>\n<meta property=\"og:locale\" content=\"de_DE\" \/>\n<meta property=\"og:type\" content=\"article\" \/>\n<meta property=\"og:title\" content=\"Taulant Hodaj zum Generalsekret\u00e4r des Fu\u00dfballverbands des Kosovo (FFK) ernannt. - Hodaj &amp; Partners L.L.C.\" \/>\n<meta property=\"og:description\" content=\"Hodaj &amp; Partners L.L.C\" \/>\n<meta property=\"og:url\" content=\"https:\/\/hodajlaw.com\/de\/2022\/02\/09\/taulant-hodaj-zum-generalsekretaer-des-fussballverbands-des-kosovo-ffk-ernannt\/?lang=de\" \/>\n<meta property=\"og:site_name\" content=\"Hodaj &amp; Partners L.L.C.\" \/>\n<meta property=\"article:published_time\" content=\"2022-02-09T17:01:31+00:00\" \/>\n<meta property=\"article:modified_time\" content=\"2022-02-09T17:59:35+00:00\" \/>\n<meta property=\"og:image\" content=\"https:\/\/hodajlaw.com\/wp-content\/uploads\/2022\/02\/239969159_4004680792976969_5116019923212742788_n.jpg\" \/>\n\t<meta property=\"og:image:width\" content=\"1024\" \/>\n\t<meta property=\"og:image:height\" content=\"683\" \/>\n\t<meta property=\"og:image:type\" content=\"image\/jpeg\" \/>\n<meta name=\"author\" content=\"Taulant Hodaj\" \/>\n<meta name=\"twitter:card\" content=\"summary_large_image\" \/>\n<meta name=\"twitter:label1\" content=\"Verfasst von\" \/>\n\t<meta name=\"twitter:data1\" content=\"Taulant Hodaj\" \/>\n\t<meta name=\"twitter:label2\" content=\"Gesch\u00e4tzte Lesezeit\" \/>\n\t<meta name=\"twitter:data2\" content=\"1\u00a0Minute\" \/>\n<script type=\"application\/ld+json\" class=\"yoast-schema-graph\">{\"@context\":\"https:\\\/\\\/schema.org\",\"@graph\":[{\"@type\":\"Article\",\"@id\":\"https:\\\/\\\/hodajlaw.com\\\/2022\\\/02\\\/09\\\/taulant-hodaj-zum-generalsekretaer-des-fussballverbands-des-kosovo-ffk-ernannt\\\/?lang=de#article\",\"isPartOf\":{\"@id\":\"https:\\\/\\\/hodajlaw.com\\\/2022\\\/02\\\/09\\\/taulant-hodaj-zum-generalsekretaer-des-fussballverbands-des-kosovo-ffk-ernannt\\\/?lang=de\"},\"author\":{\"name\":\"Taulant Hodaj\",\"@id\":\"https:\\\/\\\/hodajlaw.com\\\/#\\\/schema\\\/person\\\/6907e584a1f674075bc576576b1d2394\"},\"headline\":\"Taulant Hodaj zum Generalsekret\u00e4r des Fu\u00dfballverbands des Kosovo (FFK) ernannt.\",\"datePublished\":\"2022-02-09T17:01:31+00:00\",\"dateModified\":\"2022-02-09T17:59:35+00:00\",\"mainEntityOfPage\":{\"@id\":\"https:\\\/\\\/hodajlaw.com\\\/2022\\\/02\\\/09\\\/taulant-hodaj-zum-generalsekretaer-des-fussballverbands-des-kosovo-ffk-ernannt\\\/?lang=de\"},\"wordCount\":158,\"image\":{\"@id\":\"https:\\\/\\\/hodajlaw.com\\\/2022\\\/02\\\/09\\\/taulant-hodaj-zum-generalsekretaer-des-fussballverbands-des-kosovo-ffk-ernannt\\\/?lang=de#primaryimage\"},\"thumbnailUrl\":\"https:\\\/\\\/hodajlaw.com\\\/wp-content\\\/uploads\\\/2022\\\/02\\\/239969159_4004680792976969_5116019923212742788_n.jpg\",\"inLanguage\":\"de\"},{\"@type\":\"WebPage\",\"@id\":\"https:\\\/\\\/hodajlaw.com\\\/2022\\\/02\\\/09\\\/taulant-hodaj-zum-generalsekretaer-des-fussballverbands-des-kosovo-ffk-ernannt\\\/?lang=de\",\"url\":\"https:\\\/\\\/hodajlaw.com\\\/2022\\\/02\\\/09\\\/taulant-hodaj-zum-generalsekretaer-des-fussballverbands-des-kosovo-ffk-ernannt\\\/?lang=de\",\"name\":\"Taulant Hodaj zum Generalsekret\u00e4r des Fu\u00dfballverbands des Kosovo (FFK) ernannt. - Hodaj &amp; Partners L.L.C.\",\"isPartOf\":{\"@id\":\"https:\\\/\\\/hodajlaw.com\\\/#website\"},\"primaryImageOfPage\":{\"@id\":\"https:\\\/\\\/hodajlaw.com\\\/2022\\\/02\\\/09\\\/taulant-hodaj-zum-generalsekretaer-des-fussballverbands-des-kosovo-ffk-ernannt\\\/?lang=de#primaryimage\"},\"image\":{\"@id\":\"https:\\\/\\\/hodajlaw.com\\\/2022\\\/02\\\/09\\\/taulant-hodaj-zum-generalsekretaer-des-fussballverbands-des-kosovo-ffk-ernannt\\\/?lang=de#primaryimage\"},\"thumbnailUrl\":\"https:\\\/\\\/hodajlaw.com\\\/wp-content\\\/uploads\\\/2022\\\/02\\\/239969159_4004680792976969_5116019923212742788_n.jpg\",\"datePublished\":\"2022-02-09T17:01:31+00:00\",\"dateModified\":\"2022-02-09T17:59:35+00:00\",\"author\":{\"@id\":\"https:\\\/\\\/hodajlaw.com\\\/#\\\/schema\\\/person\\\/6907e584a1f674075bc576576b1d2394\"},\"description\":\"Hodaj & Partners L.L.C\",\"breadcrumb\":{\"@id\":\"https:\\\/\\\/hodajlaw.com\\\/2022\\\/02\\\/09\\\/taulant-hodaj-zum-generalsekretaer-des-fussballverbands-des-kosovo-ffk-ernannt\\\/?lang=de#breadcrumb\"},\"inLanguage\":\"de\",\"potentialAction\":[{\"@type\":\"ReadAction\",\"target\":[\"https:\\\/\\\/hodajlaw.com\\\/2022\\\/02\\\/09\\\/taulant-hodaj-zum-generalsekretaer-des-fussballverbands-des-kosovo-ffk-ernannt\\\/?lang=de\"]}]},{\"@type\":\"ImageObject\",\"inLanguage\":\"de\",\"@id\":\"https:\\\/\\\/hodajlaw.com\\\/2022\\\/02\\\/09\\\/taulant-hodaj-zum-generalsekretaer-des-fussballverbands-des-kosovo-ffk-ernannt\\\/?lang=de#primaryimage\",\"url\":\"https:\\\/\\\/hodajlaw.com\\\/wp-content\\\/uploads\\\/2022\\\/02\\\/239969159_4004680792976969_5116019923212742788_n.jpg\",\"contentUrl\":\"https:\\\/\\\/hodajlaw.com\\\/wp-content\\\/uploads\\\/2022\\\/02\\\/239969159_4004680792976969_5116019923212742788_n.jpg\",\"width\":1024,\"height\":683},{\"@type\":\"BreadcrumbList\",\"@id\":\"https:\\\/\\\/hodajlaw.com\\\/2022\\\/02\\\/09\\\/taulant-hodaj-zum-generalsekretaer-des-fussballverbands-des-kosovo-ffk-ernannt\\\/?lang=de#breadcrumb\",\"itemListElement\":[{\"@type\":\"ListItem\",\"position\":1,\"name\":\"Home\",\"item\":\"https:\\\/\\\/hodajlaw.com\\\/\"},{\"@type\":\"ListItem\",\"position\":2,\"name\":\"Taulant Hodaj zum Generalsekret\u00e4r des Fu\u00dfballverbands des Kosovo (FFK) ernannt.\"}]},{\"@type\":\"WebSite\",\"@id\":\"https:\\\/\\\/hodajlaw.com\\\/#website\",\"url\":\"https:\\\/\\\/hodajlaw.com\\\/\",\"name\":\"Hodaj &amp; Partners L.L.C.\",\"description\":\"Hodaj &amp; Partners\",\"potentialAction\":[{\"@type\":\"SearchAction\",\"target\":{\"@type\":\"EntryPoint\",\"urlTemplate\":\"https:\\\/\\\/hodajlaw.com\\\/?s={search_term_string}\"},\"query-input\":{\"@type\":\"PropertyValueSpecification\",\"valueRequired\":true,\"valueName\":\"search_term_string\"}}],\"inLanguage\":\"de\"},{\"@type\":\"Person\",\"@id\":\"https:\\\/\\\/hodajlaw.com\\\/#\\\/schema\\\/person\\\/6907e584a1f674075bc576576b1d2394\",\"name\":\"Taulant Hodaj\",\"image\":{\"@type\":\"ImageObject\",\"inLanguage\":\"de\",\"@id\":\"https:\\\/\\\/secure.gravatar.com\\\/avatar\\\/3963f96c253bd715de3abc28dd5c9de249139ce361b65e1e2ec3753b8b73640f?s=96&d=mm&r=g\",\"url\":\"https:\\\/\\\/secure.gravatar.com\\\/avatar\\\/3963f96c253bd715de3abc28dd5c9de249139ce361b65e1e2ec3753b8b73640f?s=96&d=mm&r=g\",\"contentUrl\":\"https:\\\/\\\/secure.gravatar.com\\\/avatar\\\/3963f96c253bd715de3abc28dd5c9de249139ce361b65e1e2ec3753b8b73640f?s=96&d=mm&r=g\",\"caption\":\"Taulant Hodaj\"},\"url\":\"https:\\\/\\\/hodajlaw.com\\\/de\\\/author\\\/hodaj\\\/\"}]}<\/script>\n<!-- \/ Yoast SEO plugin. -->","yoast_head_json":{"title":"Taulant Hodaj zum Generalsekret\u00e4r des Fu\u00dfballverbands des Kosovo (FFK) ernannt. - Hodaj &amp; Partners L.L.C.","description":"Hodaj & Partners L.L.C","robots":{"index":"index","follow":"follow","max-snippet":"max-snippet:-1","max-image-preview":"max-image-preview:large","max-video-preview":"max-video-preview:-1"},"canonical":"https:\/\/hodajlaw.com\/de\/2022\/02\/09\/taulant-hodaj-zum-generalsekretaer-des-fussballverbands-des-kosovo-ffk-ernannt\/?lang=de","og_locale":"de_DE","og_type":"article","og_title":"Taulant Hodaj zum Generalsekret\u00e4r des Fu\u00dfballverbands des Kosovo (FFK) ernannt. - Hodaj &amp; Partners L.L.C.","og_description":"Hodaj & Partners L.L.C","og_url":"https:\/\/hodajlaw.com\/de\/2022\/02\/09\/taulant-hodaj-zum-generalsekretaer-des-fussballverbands-des-kosovo-ffk-ernannt\/?lang=de","og_site_name":"Hodaj &amp; Partners L.L.C.","article_published_time":"2022-02-09T17:01:31+00:00","article_modified_time":"2022-02-09T17:59:35+00:00","og_image":[{"width":1024,"height":683,"url":"https:\/\/hodajlaw.com\/wp-content\/uploads\/2022\/02\/239969159_4004680792976969_5116019923212742788_n.jpg","type":"image\/jpeg"}],"author":"Taulant Hodaj","twitter_card":"summary_large_image","twitter_misc":{"Verfasst von":"Taulant Hodaj","Gesch\u00e4tzte Lesezeit":"1\u00a0Minute"},"schema":{"@context":"https:\/\/schema.org","@graph":[{"@type":"Article","@id":"https:\/\/hodajlaw.com\/2022\/02\/09\/taulant-hodaj-zum-generalsekretaer-des-fussballverbands-des-kosovo-ffk-ernannt\/?lang=de#article","isPartOf":{"@id":"https:\/\/hodajlaw.com\/2022\/02\/09\/taulant-hodaj-zum-generalsekretaer-des-fussballverbands-des-kosovo-ffk-ernannt\/?lang=de"},"author":{"name":"Taulant Hodaj","@id":"https:\/\/hodajlaw.com\/#\/schema\/person\/6907e584a1f674075bc576576b1d2394"},"headline":"Taulant Hodaj zum Generalsekret\u00e4r des Fu\u00dfballverbands des Kosovo (FFK) ernannt.","datePublished":"2022-02-09T17:01:31+00:00","dateModified":"2022-02-09T17:59:35+00:00","mainEntityOfPage":{"@id":"https:\/\/hodajlaw.com\/2022\/02\/09\/taulant-hodaj-zum-generalsekretaer-des-fussballverbands-des-kosovo-ffk-ernannt\/?lang=de"},"wordCount":158,"image":{"@id":"https:\/\/hodajlaw.com\/2022\/02\/09\/taulant-hodaj-zum-generalsekretaer-des-fussballverbands-des-kosovo-ffk-ernannt\/?lang=de#primaryimage"},"thumbnailUrl":"https:\/\/hodajlaw.com\/wp-content\/uploads\/2022\/02\/239969159_4004680792976969_5116019923212742788_n.jpg","inLanguage":"de"},{"@type":"WebPage","@id":"https:\/\/hodajlaw.com\/2022\/02\/09\/taulant-hodaj-zum-generalsekretaer-des-fussballverbands-des-kosovo-ffk-ernannt\/?lang=de","url":"https:\/\/hodajlaw.com\/2022\/02\/09\/taulant-hodaj-zum-generalsekretaer-des-fussballverbands-des-kosovo-ffk-ernannt\/?lang=de","name":"Taulant Hodaj zum Generalsekret\u00e4r des Fu\u00dfballverbands des Kosovo (FFK) ernannt. - Hodaj &amp; Partners L.L.C.","isPartOf":{"@id":"https:\/\/hodajlaw.com\/#website"},"primaryImageOfPage":{"@id":"https:\/\/hodajlaw.com\/2022\/02\/09\/taulant-hodaj-zum-generalsekretaer-des-fussballverbands-des-kosovo-ffk-ernannt\/?lang=de#primaryimage"},"image":{"@id":"https:\/\/hodajlaw.com\/2022\/02\/09\/taulant-hodaj-zum-generalsekretaer-des-fussballverbands-des-kosovo-ffk-ernannt\/?lang=de#primaryimage"},"thumbnailUrl":"https:\/\/hodajlaw.com\/wp-content\/uploads\/2022\/02\/239969159_4004680792976969_5116019923212742788_n.jpg","datePublished":"2022-02-09T17:01:31+00:00","dateModified":"2022-02-09T17:59:35+00:00","author":{"@id":"https:\/\/hodajlaw.com\/#\/schema\/person\/6907e584a1f674075bc576576b1d2394"},"description":"Hodaj & Partners L.L.C","breadcrumb":{"@id":"https:\/\/hodajlaw.com\/2022\/02\/09\/taulant-hodaj-zum-generalsekretaer-des-fussballverbands-des-kosovo-ffk-ernannt\/?lang=de#breadcrumb"},"inLanguage":"de","potentialAction":[{"@type":"ReadAction","target":["https:\/\/hodajlaw.com\/2022\/02\/09\/taulant-hodaj-zum-generalsekretaer-des-fussballverbands-des-kosovo-ffk-ernannt\/?lang=de"]}]},{"@type":"ImageObject","inLanguage":"de","@id":"https:\/\/hodajlaw.com\/2022\/02\/09\/taulant-hodaj-zum-generalsekretaer-des-fussballverbands-des-kosovo-ffk-ernannt\/?lang=de#primaryimage","url":"https:\/\/hodajlaw.com\/wp-content\/uploads\/2022\/02\/239969159_4004680792976969_5116019923212742788_n.jpg","contentUrl":"https:\/\/hodajlaw.com\/wp-content\/uploads\/2022\/02\/239969159_4004680792976969_5116019923212742788_n.jpg","width":1024,"height":683},{"@type":"BreadcrumbList","@id":"https:\/\/hodajlaw.com\/2022\/02\/09\/taulant-hodaj-zum-generalsekretaer-des-fussballverbands-des-kosovo-ffk-ernannt\/?lang=de#breadcrumb","itemListElement":[{"@type":"ListItem","position":1,"name":"Home","item":"https:\/\/hodajlaw.com\/"},{"@type":"ListItem","position":2,"name":"Taulant Hodaj zum Generalsekret\u00e4r des Fu\u00dfballverbands des Kosovo (FFK) ernannt."}]},{"@type":"WebSite","@id":"https:\/\/hodajlaw.com\/#website","url":"https:\/\/hodajlaw.com\/","name":"Hodaj &amp; Partners L.L.C.","description":"Hodaj &amp; Partners","potentialAction":[{"@type":"SearchAction","target":{"@type":"EntryPoint","urlTemplate":"https:\/\/hodajlaw.com\/?s={search_term_string}"},"query-input":{"@type":"PropertyValueSpecification","valueRequired":true,"valueName":"search_term_string"}}],"inLanguage":"de"},{"@type":"Person","@id":"https:\/\/hodajlaw.com\/#\/schema\/person\/6907e584a1f674075bc576576b1d2394","name":"Taulant Hodaj","image":{"@type":"ImageObject","inLanguage":"de","@id":"https:\/\/secure.gravatar.com\/avatar\/3963f96c253bd715de3abc28dd5c9de249139ce361b65e1e2ec3753b8b73640f?s=96&d=mm&r=g","url":"https:\/\/secure.gravatar.com\/avatar\/3963f96c253bd715de3abc28dd5c9de249139ce361b65e1e2ec3753b8b73640f?s=96&d=mm&r=g","contentUrl":"https:\/\/secure.gravatar.com\/avatar\/3963f96c253bd715de3abc28dd5c9de249139ce361b65e1e2ec3753b8b73640f?s=96&d=mm&r=g","caption":"Taulant Hodaj"},"url":"https:\/\/hodajlaw.com\/de\/author\/hodaj\/"}]}},"_links":{"self":[{"href":"https:\/\/hodajlaw.com\/de\/wp-json\/wp\/v2\/posts\/4317","targetHints":{"allow":["GET"]}}],"collection":[{"href":"https:\/\/hodajlaw.com\/de\/wp-json\/wp\/v2\/posts"}],"about":[{"href":"https:\/\/hodajlaw.com\/de\/wp-json\/wp\/v2\/types\/post"}],"author":[{"embeddable":true,"href":"https:\/\/hodajlaw.com\/de\/wp-json\/wp\/v2\/users\/4"}],"replies":[{"embeddable":true,"href":"https:\/\/hodajlaw.com\/de\/wp-json\/wp\/v2\/comments?post=4317"}],"version-history":[{"count":2,"href":"https:\/\/hodajlaw.com\/de\/wp-json\/wp\/v2\/posts\/4317\/revisions"}],"predecessor-version":[{"id":4334,"href":"https:\/\/hodajlaw.com\/de\/wp-json\/wp\/v2\/posts\/4317\/revisions\/4334"}],"wp:featuredmedia":[{"embeddable":true,"href":"https:\/\/hodajlaw.com\/de\/wp-json\/wp\/v2\/media\/4318"}],"wp:attachment":[{"href":"https:\/\/hodajlaw.com\/de\/wp-json\/wp\/v2\/media?parent=4317"}],"wp:term":[{"taxonomy":"category","embeddable":true,"href":"https:\/\/hodajlaw.com\/de\/wp-json\/wp\/v2\/categories?post=4317"},{"taxonomy":"post_tag","embeddable":true,"href":"https:\/\/hodajlaw.com\/de\/wp-json\/wp\/v2\/tags?post=4317"}],"curies":[{"name":"wp","href":"https:\/\/api.w.org\/{rel}","templated":true}]}}