{"id":6181,"date":"2024-04-19T13:56:00","date_gmt":"2024-04-19T13:56:00","guid":{"rendered":"https:\/\/hodajlaw.com\/?p=6181"},"modified":"2024-10-25T11:27:05","modified_gmt":"2024-10-25T11:27:05","slug":"taulant-hodaj-kosovari-i-pare-ne-komitetin-ligjor-te-uefa-se","status":"publish","type":"post","link":"https:\/\/hodajlaw.com\/sq\/2024\/04\/19\/taulant-hodaj-kosovari-i-pare-ne-komitetin-ligjor-te-uefa-se\/","title":{"rendered":"Taulant Hodaj: Kosovari i par\u00eb n\u00eb Komitetin Ligjor t\u00eb UEFA-s"},"content":{"rendered":"<h4 class=\"wp-block-heading\"><strong>Nj\u00eb Arritje Historike p\u00ebr Hodaj &amp; Partners dhe Futbollin Kosovar.<\/strong><\/h4>\n\n\n\n<p>Hodaj &amp; Partners, nj\u00eb firm\u00eb prestigjioze e avokatis\u00eb n\u00eb Prishtin\u00eb, \u00ebsht\u00eb krenare t\u00eb njoftoj\u00eb se partneri menaxhues i saj, Z. Taulant Hodaj, \u00ebsht\u00eb zgjedhur an\u00ebtar i Komitetit Ligjor t\u00eb UEFA-s\u00eb. Ky \u00ebsht\u00eb nj\u00eb moment historik jo vet\u00ebm p\u00ebr firm\u00ebn ton\u00eb, por edhe p\u00ebr komunitetin ligjor dhe futbollin kosovar, pasi Z. Hodaj \u00ebsht\u00eb kosovari i par\u00eb q\u00eb merr pjes\u00eb n\u00eb k\u00ebt\u00eb organ profesional dhe t\u00eb respektuar t\u00eb UEFA-s\u00eb.<\/p>\n\n\n<div class=\"wp-block-image\">\n<figure class=\"aligncenter size-large is-resized\"><img fetchpriority=\"high\" decoding=\"async\" width=\"1024\" height=\"768\" src=\"https:\/\/hodajlaw.com\/wp-content\/uploads\/2024\/07\/Blog-1-foto-3-1024x768.jpg\" alt=\"\" class=\"wp-image-6184\" style=\"width:780px;height:auto\" srcset=\"https:\/\/hodajlaw.com\/wp-content\/uploads\/2024\/07\/Blog-1-foto-3-1024x768.jpg 1024w, https:\/\/hodajlaw.com\/wp-content\/uploads\/2024\/07\/Blog-1-foto-3-300x225.jpg 300w, https:\/\/hodajlaw.com\/wp-content\/uploads\/2024\/07\/Blog-1-foto-3-768x576.jpg 768w, https:\/\/hodajlaw.com\/wp-content\/uploads\/2024\/07\/Blog-1-foto-3-1536x1152.jpg 1536w, https:\/\/hodajlaw.com\/wp-content\/uploads\/2024\/07\/Blog-1-foto-3-16x12.jpg 16w, https:\/\/hodajlaw.com\/wp-content\/uploads\/2024\/07\/Blog-1-foto-3-1170x878.jpg 1170w, https:\/\/hodajlaw.com\/wp-content\/uploads\/2024\/07\/Blog-1-foto-3-585x439.jpg 585w, https:\/\/hodajlaw.com\/wp-content\/uploads\/2024\/07\/Blog-1-foto-3.jpg 1600w\" sizes=\"(max-width: 1024px) 100vw, 1024px\" \/><\/figure>\n<\/div>\n\n\n<p>Nj\u00eb Kontribut i \u00c7muar n\u00eb Futbollin Evropian<br><br>Zgjedhja e z. Hodaj n\u00eb Komitetin Ligjor t\u00eb UEFA-s\u00eb \u00ebsht\u00eb nj\u00eb d\u00ebshmi e angazhimit dhe profesionalizmit t\u00eb tij n\u00eb fush\u00ebn e t\u00eb drejt\u00ebs sportive. N\u00eb deklarat\u00ebn e tij pas zgjedhjes, z. Hodaj \u00ebsht\u00eb shprehur i nderuar p\u00ebr pjes\u00ebmarrjen n\u00eb mbledhjen e inaguruese t\u00eb Komitetit Ligjor t\u00eb UEFA-s\u00eb n\u00eb Nyon, Zvic\u00ebrr. Ai theksoi se n\u00eb takimin e par\u00eb t\u00eb k\u00ebtij komiteti ka diskutuar mbi zhvillimet aktuale juridike me t\u00eb cilat po po ballafaqohet UEFA, si dhe ka pranuar stem\u00ebn zyrtare t\u00eb UEFA-s\u00eb nga kryesuesi z. Jesper M\u00f8ller Christensen, i cili nj\u00ebherit \u00ebsht\u00eb edhe an\u00ebtar i komitetit ekzekutiv t\u00eb UEFA-s\u00eb.<\/p>\n\n\n<div class=\"wp-block-image\">\n<figure class=\"aligncenter size-large\"><img decoding=\"async\" width=\"1024\" height=\"682\" src=\"https:\/\/hodajlaw.com\/wp-content\/uploads\/2024\/07\/Blog-1-foto-1-2-1024x682.jpg\" alt=\"\" class=\"wp-image-6186\" srcset=\"https:\/\/hodajlaw.com\/wp-content\/uploads\/2024\/07\/Blog-1-foto-1-2-1024x682.jpg 1024w, https:\/\/hodajlaw.com\/wp-content\/uploads\/2024\/07\/Blog-1-foto-1-2-300x200.jpg 300w, https:\/\/hodajlaw.com\/wp-content\/uploads\/2024\/07\/Blog-1-foto-1-2-768x512.jpg 768w, https:\/\/hodajlaw.com\/wp-content\/uploads\/2024\/07\/Blog-1-foto-1-2-1536x1023.jpg 1536w, https:\/\/hodajlaw.com\/wp-content\/uploads\/2024\/07\/Blog-1-foto-1-2-18x12.jpg 18w, https:\/\/hodajlaw.com\/wp-content\/uploads\/2024\/07\/Blog-1-foto-1-2-1170x780.jpg 1170w, https:\/\/hodajlaw.com\/wp-content\/uploads\/2024\/07\/Blog-1-foto-1-2-585x390.jpg 585w, https:\/\/hodajlaw.com\/wp-content\/uploads\/2024\/07\/Blog-1-foto-1-2-263x175.jpg 263w, https:\/\/hodajlaw.com\/wp-content\/uploads\/2024\/07\/Blog-1-foto-1-2.jpg 1600w\" sizes=\"(max-width: 1024px) 100vw, 1024px\" \/><\/figure>\n<\/div>\n\n\n<p>Z. Hodaj ka fal\u00ebnderuar Federat\u00ebn e Futbollit t\u00eb Kosov\u00ebs dhe kryetarin Agim Ademi p\u00ebr nominimin q\u00eb i b\u00ebn\u00eb. Ai gjithashtu shprehu fal\u00ebnderime t\u00eb sinqerta p\u00ebr Komitetin Ligjor t\u00eb UEFA-s\u00eb p\u00ebr pun\u00ebn dhe angazhimin e tyre t\u00eb pand\u00ebrprer\u00eb n\u00eb zhvillimin e futbollit evropian.<\/p>\n\n\n\n<p>Ky sukses i z. Hodaj \u00ebsht\u00eb nj\u00eb arritje e madhe p\u00ebr Hodaj &amp; Partners. P\u00ebrfshirja n\u00eb nj\u00eb organ t\u00eb till\u00eb t\u00eb lart\u00eb t\u00eb UEFA-s\u00eb jo vet\u00ebm q\u00eb rrit prestigjin e firm\u00ebs son\u00eb, por gjithashtu zgjeron horizontet tona n\u00eb \u00e7\u00ebshtjet e t\u00eb drejt\u00ebs sportive nd\u00ebrkomb\u00ebtare me fokus futbollin. Kjo \u00ebsht\u00eb nj\u00eb mund\u00ebsi unike p\u00ebr t\u00eb kontribuar n\u00eb form\u00ebsimin e politikave dhe rregulloreve q\u00eb drejtojn\u00eb futbollin evropian.<\/p>\n\n\n\n<p><strong>Angazhimi dhe Ekspertiza e Hodaj &amp; Partners<\/strong><\/p>\n\n\n\n<p>N\u00eb Hodaj &amp; Partners, ne jemi t\u00eb p\u00ebrkushtuar p\u00ebr t\u00eb ofruar sh\u00ebrbime ligjore t\u00eb klasit t\u00eb par\u00eb. Ky sukses i fundit i Z. Hodaj \u00ebsht\u00eb nj\u00eb d\u00ebshmi e angazhimit ton\u00eb p\u00ebr cil\u00ebsi dhe ekspertiz\u00eb n\u00eb fush\u00ebn e drejt\u00ebs sportive t\u00eb futbollit dhe p\u00ebrtej. Ne jemi t\u00eb bindur se p\u00ebrvoja dhe njohurit\u00eb e fituara nga z. Hodaj n\u00eb k\u00ebt\u00eb rol t\u00eb ri do t\u00eb jen\u00eb nj\u00eb aset i vlefsh\u00ebm p\u00ebr klient\u00ebt tan\u00eb dhe p\u00ebr komunitetin m\u00eb t\u00eb gjer\u00eb t\u00eb sportit n\u00eb p\u00ebrgjith\u00ebsi e futbollit n\u00eb veqanti.<\/p>\n\n\n\n<p>P\u00ebr m\u00eb shum\u00eb informacion rreth sh\u00ebrbimeve tona dhe p\u00ebr t\u00eb m\u00ebsuar m\u00eb shum\u00eb rreth arritjeve t\u00eb ekipit ton\u00eb, ju lutemi vizitoni faqen ton\u00eb t\u00eb internetit. Ne jemi k\u00ebtu p\u00ebr t\u2019ju ndihmuar n\u00eb \u00e7do \u00e7\u00ebshtje ligjore me profesionaliz\u00ebm dhe p\u00ebrkushtim.<\/p>\n\n\n\n<p>Hodaj and Partners | Prishtin\u00eb | Sh\u00ebrbime Ligjore t\u00eb Klasit t\u00eb Par\u00eb<\/p>","protected":false},"excerpt":{"rendered":"<p>A Historic Achievement for Hodaj &amp; Partners and Kosovar Football Hodaj &amp; Partners, a prestigious law firm in Pristina, is proud to announce that its managing partner, Mr. Taulant Hodaj,&hellip;<\/p>","protected":false},"author":7,"featured_media":6182,"comment_status":"closed","ping_status":"closed","sticky":false,"template":"","format":"standard","meta":{"_lmt_disableupdate":"","_lmt_disable":"","footnotes":""},"categories":[54,48],"tags":[255,86,85,84,256],"class_list":["post-6181","post","type-post","status-publish","format-standard","has-post-thumbnail","hentry","category-lajmet","category-news","tag-blog","tag-councel","tag-kosovo-lawyer","tag-kosovo-rechtanwalt","tag-lawyer"],"yoast_head":"<!-- This site is optimized with the Yoast SEO plugin v27.4 - https:\/\/yoast.com\/product\/yoast-seo-wordpress\/ -->\n<title>Taulant Hodaj: The First Kosovar in the UEFA Legal Committee - Hodaj &amp; Partners L.L.C.<\/title>\n<meta name=\"description\" content=\"Hodaj &amp; Partners L.L.C\" \/>\n<meta name=\"robots\" content=\"index, follow, max-snippet:-1, max-image-preview:large, max-video-preview:-1\" \/>\n<link rel=\"canonical\" href=\"https:\/\/hodajlaw.com\/sq\/2024\/04\/19\/taulant-hodaj-kosovari-i-pare-ne-komitetin-ligjor-te-uefa-se\/\" \/>\n<meta property=\"og:locale\" content=\"sq_AL\" \/>\n<meta property=\"og:type\" content=\"article\" \/>\n<meta property=\"og:title\" content=\"Taulant Hodaj: The First Kosovar in the UEFA Legal Committee - Hodaj &amp; Partners L.L.C.\" \/>\n<meta property=\"og:description\" content=\"Hodaj &amp; Partners L.L.C\" \/>\n<meta property=\"og:url\" content=\"https:\/\/hodajlaw.com\/sq\/2024\/04\/19\/taulant-hodaj-kosovari-i-pare-ne-komitetin-ligjor-te-uefa-se\/\" \/>\n<meta property=\"og:site_name\" content=\"Hodaj &amp; Partners L.L.C.\" \/>\n<meta property=\"article:published_time\" content=\"2024-04-19T13:56:00+00:00\" \/>\n<meta property=\"article:modified_time\" content=\"2024-10-25T11:27:05+00:00\" \/>\n<meta property=\"og:image\" content=\"https:\/\/hodajlaw.com\/wp-content\/uploads\/2024\/07\/Blog-1-foto-2.jpg\" \/>\n\t<meta property=\"og:image:width\" content=\"1600\" \/>\n\t<meta property=\"og:image:height\" content=\"1067\" \/>\n\t<meta property=\"og:image:type\" content=\"image\/jpeg\" \/>\n<meta name=\"author\" content=\"hodajAdmin\" \/>\n<meta name=\"twitter:card\" content=\"summary_large_image\" \/>\n<meta name=\"twitter:label1\" content=\"Written by\" \/>\n\t<meta name=\"twitter:data1\" content=\"hodajAdmin\" \/>\n\t<meta name=\"twitter:label2\" content=\"Est. reading time\" \/>\n\t<meta name=\"twitter:data2\" content=\"3 minuta\" \/>\n<script type=\"application\/ld+json\" class=\"yoast-schema-graph\">{\"@context\":\"https:\\\/\\\/schema.org\",\"@graph\":[{\"@type\":\"Article\",\"@id\":\"https:\\\/\\\/hodajlaw.com\\\/2024\\\/04\\\/19\\\/taulant-hodaj-kosovari-i-pare-ne-komitetin-ligjor-te-uefa-se\\\/#article\",\"isPartOf\":{\"@id\":\"https:\\\/\\\/hodajlaw.com\\\/2024\\\/04\\\/19\\\/taulant-hodaj-kosovari-i-pare-ne-komitetin-ligjor-te-uefa-se\\\/\"},\"author\":{\"name\":\"hodajAdmin\",\"@id\":\"https:\\\/\\\/hodajlaw.com\\\/#\\\/schema\\\/person\\\/ea169b29050fdded6500c6b0a0903b58\"},\"headline\":\"Taulant Hodaj: The First Kosovar in the UEFA Legal Committee\",\"datePublished\":\"2024-04-19T13:56:00+00:00\",\"dateModified\":\"2024-10-25T11:27:05+00:00\",\"mainEntityOfPage\":{\"@id\":\"https:\\\/\\\/hodajlaw.com\\\/2024\\\/04\\\/19\\\/taulant-hodaj-kosovari-i-pare-ne-komitetin-ligjor-te-uefa-se\\\/\"},\"wordCount\":404,\"image\":{\"@id\":\"https:\\\/\\\/hodajlaw.com\\\/2024\\\/04\\\/19\\\/taulant-hodaj-kosovari-i-pare-ne-komitetin-ligjor-te-uefa-se\\\/#primaryimage\"},\"thumbnailUrl\":\"https:\\\/\\\/hodajlaw.com\\\/wp-content\\\/uploads\\\/2024\\\/07\\\/Blog-1-foto-2.jpg\",\"keywords\":[\"blog\",\"Councel\",\"Kosovo Lawyer\",\"Kosovo Rechtanwalt\",\"lawyer\"],\"articleSection\":[\"Lajmet\",\"News\"],\"inLanguage\":\"sq\"},{\"@type\":\"WebPage\",\"@id\":\"https:\\\/\\\/hodajlaw.com\\\/2024\\\/04\\\/19\\\/taulant-hodaj-kosovari-i-pare-ne-komitetin-ligjor-te-uefa-se\\\/\",\"url\":\"https:\\\/\\\/hodajlaw.com\\\/2024\\\/04\\\/19\\\/taulant-hodaj-kosovari-i-pare-ne-komitetin-ligjor-te-uefa-se\\\/\",\"name\":\"Taulant Hodaj: The First Kosovar in the UEFA Legal Committee - Hodaj &amp; Partners L.L.C.\",\"isPartOf\":{\"@id\":\"https:\\\/\\\/hodajlaw.com\\\/#website\"},\"primaryImageOfPage\":{\"@id\":\"https:\\\/\\\/hodajlaw.com\\\/2024\\\/04\\\/19\\\/taulant-hodaj-kosovari-i-pare-ne-komitetin-ligjor-te-uefa-se\\\/#primaryimage\"},\"image\":{\"@id\":\"https:\\\/\\\/hodajlaw.com\\\/2024\\\/04\\\/19\\\/taulant-hodaj-kosovari-i-pare-ne-komitetin-ligjor-te-uefa-se\\\/#primaryimage\"},\"thumbnailUrl\":\"https:\\\/\\\/hodajlaw.com\\\/wp-content\\\/uploads\\\/2024\\\/07\\\/Blog-1-foto-2.jpg\",\"datePublished\":\"2024-04-19T13:56:00+00:00\",\"dateModified\":\"2024-10-25T11:27:05+00:00\",\"author\":{\"@id\":\"https:\\\/\\\/hodajlaw.com\\\/#\\\/schema\\\/person\\\/ea169b29050fdded6500c6b0a0903b58\"},\"description\":\"Hodaj & Partners L.L.C\",\"breadcrumb\":{\"@id\":\"https:\\\/\\\/hodajlaw.com\\\/2024\\\/04\\\/19\\\/taulant-hodaj-kosovari-i-pare-ne-komitetin-ligjor-te-uefa-se\\\/#breadcrumb\"},\"inLanguage\":\"sq\",\"potentialAction\":[{\"@type\":\"ReadAction\",\"target\":[\"https:\\\/\\\/hodajlaw.com\\\/2024\\\/04\\\/19\\\/taulant-hodaj-kosovari-i-pare-ne-komitetin-ligjor-te-uefa-se\\\/\"]}]},{\"@type\":\"ImageObject\",\"inLanguage\":\"sq\",\"@id\":\"https:\\\/\\\/hodajlaw.com\\\/2024\\\/04\\\/19\\\/taulant-hodaj-kosovari-i-pare-ne-komitetin-ligjor-te-uefa-se\\\/#primaryimage\",\"url\":\"https:\\\/\\\/hodajlaw.com\\\/wp-content\\\/uploads\\\/2024\\\/07\\\/Blog-1-foto-2.jpg\",\"contentUrl\":\"https:\\\/\\\/hodajlaw.com\\\/wp-content\\\/uploads\\\/2024\\\/07\\\/Blog-1-foto-2.jpg\",\"width\":1600,\"height\":1067,\"caption\":\"NYON, SWITZERLAND - APRIL 17: A group photo during the UEFA Legal Committee 2024 at the UEFA Headquarters, The House of the European Football, on April 17, 2024 in Nyon, Switzerland. (Photo by Kristian Skeie - UEFA\\\/UEFA via Getty Images)\"},{\"@type\":\"BreadcrumbList\",\"@id\":\"https:\\\/\\\/hodajlaw.com\\\/2024\\\/04\\\/19\\\/taulant-hodaj-kosovari-i-pare-ne-komitetin-ligjor-te-uefa-se\\\/#breadcrumb\",\"itemListElement\":[{\"@type\":\"ListItem\",\"position\":1,\"name\":\"Home\",\"item\":\"https:\\\/\\\/hodajlaw.com\\\/\"},{\"@type\":\"ListItem\",\"position\":2,\"name\":\"Taulant Hodaj: The First Kosovar in the UEFA Legal Committee\"}]},{\"@type\":\"WebSite\",\"@id\":\"https:\\\/\\\/hodajlaw.com\\\/#website\",\"url\":\"https:\\\/\\\/hodajlaw.com\\\/\",\"name\":\"Hodaj &amp; Partners L.L.C.\",\"description\":\"Hodaj &amp; Partners\",\"potentialAction\":[{\"@type\":\"SearchAction\",\"target\":{\"@type\":\"EntryPoint\",\"urlTemplate\":\"https:\\\/\\\/hodajlaw.com\\\/?s={search_term_string}\"},\"query-input\":{\"@type\":\"PropertyValueSpecification\",\"valueRequired\":true,\"valueName\":\"search_term_string\"}}],\"inLanguage\":\"sq\"},{\"@type\":\"Person\",\"@id\":\"https:\\\/\\\/hodajlaw.com\\\/#\\\/schema\\\/person\\\/ea169b29050fdded6500c6b0a0903b58\",\"name\":\"hodajAdmin\",\"image\":{\"@type\":\"ImageObject\",\"inLanguage\":\"sq\",\"@id\":\"https:\\\/\\\/secure.gravatar.com\\\/avatar\\\/b5f031ac22151e2c2d3bf27ea56532b4e2efb019488ae0c50755eaa8269c217c?s=96&d=mm&r=g\",\"url\":\"https:\\\/\\\/secure.gravatar.com\\\/avatar\\\/b5f031ac22151e2c2d3bf27ea56532b4e2efb019488ae0c50755eaa8269c217c?s=96&d=mm&r=g\",\"contentUrl\":\"https:\\\/\\\/secure.gravatar.com\\\/avatar\\\/b5f031ac22151e2c2d3bf27ea56532b4e2efb019488ae0c50755eaa8269c217c?s=96&d=mm&r=g\",\"caption\":\"hodajAdmin\"},\"url\":\"https:\\\/\\\/hodajlaw.com\\\/sq\\\/author\\\/hodajadmin\\\/\"}]}<\/script>\n<!-- \/ Yoast SEO plugin. -->","yoast_head_json":{"title":"Taulant Hodaj: The First Kosovar in the UEFA Legal Committee - Hodaj &amp; Partners L.L.C.","description":"Hodaj & Partners L.L.C","robots":{"index":"index","follow":"follow","max-snippet":"max-snippet:-1","max-image-preview":"max-image-preview:large","max-video-preview":"max-video-preview:-1"},"canonical":"https:\/\/hodajlaw.com\/sq\/2024\/04\/19\/taulant-hodaj-kosovari-i-pare-ne-komitetin-ligjor-te-uefa-se\/","og_locale":"sq_AL","og_type":"article","og_title":"Taulant Hodaj: The First Kosovar in the UEFA Legal Committee - Hodaj &amp; Partners L.L.C.","og_description":"Hodaj & Partners L.L.C","og_url":"https:\/\/hodajlaw.com\/sq\/2024\/04\/19\/taulant-hodaj-kosovari-i-pare-ne-komitetin-ligjor-te-uefa-se\/","og_site_name":"Hodaj &amp; Partners L.L.C.","article_published_time":"2024-04-19T13:56:00+00:00","article_modified_time":"2024-10-25T11:27:05+00:00","og_image":[{"width":1600,"height":1067,"url":"https:\/\/hodajlaw.com\/wp-content\/uploads\/2024\/07\/Blog-1-foto-2.jpg","type":"image\/jpeg"}],"author":"hodajAdmin","twitter_card":"summary_large_image","twitter_misc":{"Written by":"hodajAdmin","Est. reading time":"3 minuta"},"schema":{"@context":"https:\/\/schema.org","@graph":[{"@type":"Article","@id":"https:\/\/hodajlaw.com\/2024\/04\/19\/taulant-hodaj-kosovari-i-pare-ne-komitetin-ligjor-te-uefa-se\/#article","isPartOf":{"@id":"https:\/\/hodajlaw.com\/2024\/04\/19\/taulant-hodaj-kosovari-i-pare-ne-komitetin-ligjor-te-uefa-se\/"},"author":{"name":"hodajAdmin","@id":"https:\/\/hodajlaw.com\/#\/schema\/person\/ea169b29050fdded6500c6b0a0903b58"},"headline":"Taulant Hodaj: The First Kosovar in the UEFA Legal Committee","datePublished":"2024-04-19T13:56:00+00:00","dateModified":"2024-10-25T11:27:05+00:00","mainEntityOfPage":{"@id":"https:\/\/hodajlaw.com\/2024\/04\/19\/taulant-hodaj-kosovari-i-pare-ne-komitetin-ligjor-te-uefa-se\/"},"wordCount":404,"image":{"@id":"https:\/\/hodajlaw.com\/2024\/04\/19\/taulant-hodaj-kosovari-i-pare-ne-komitetin-ligjor-te-uefa-se\/#primaryimage"},"thumbnailUrl":"https:\/\/hodajlaw.com\/wp-content\/uploads\/2024\/07\/Blog-1-foto-2.jpg","keywords":["blog","Councel","Kosovo Lawyer","Kosovo Rechtanwalt","lawyer"],"articleSection":["Lajmet","News"],"inLanguage":"sq"},{"@type":"WebPage","@id":"https:\/\/hodajlaw.com\/2024\/04\/19\/taulant-hodaj-kosovari-i-pare-ne-komitetin-ligjor-te-uefa-se\/","url":"https:\/\/hodajlaw.com\/2024\/04\/19\/taulant-hodaj-kosovari-i-pare-ne-komitetin-ligjor-te-uefa-se\/","name":"Taulant Hodaj: The First Kosovar in the UEFA Legal Committee - Hodaj &amp; Partners L.L.C.","isPartOf":{"@id":"https:\/\/hodajlaw.com\/#website"},"primaryImageOfPage":{"@id":"https:\/\/hodajlaw.com\/2024\/04\/19\/taulant-hodaj-kosovari-i-pare-ne-komitetin-ligjor-te-uefa-se\/#primaryimage"},"image":{"@id":"https:\/\/hodajlaw.com\/2024\/04\/19\/taulant-hodaj-kosovari-i-pare-ne-komitetin-ligjor-te-uefa-se\/#primaryimage"},"thumbnailUrl":"https:\/\/hodajlaw.com\/wp-content\/uploads\/2024\/07\/Blog-1-foto-2.jpg","datePublished":"2024-04-19T13:56:00+00:00","dateModified":"2024-10-25T11:27:05+00:00","author":{"@id":"https:\/\/hodajlaw.com\/#\/schema\/person\/ea169b29050fdded6500c6b0a0903b58"},"description":"Hodaj & Partners L.L.C","breadcrumb":{"@id":"https:\/\/hodajlaw.com\/2024\/04\/19\/taulant-hodaj-kosovari-i-pare-ne-komitetin-ligjor-te-uefa-se\/#breadcrumb"},"inLanguage":"sq","potentialAction":[{"@type":"ReadAction","target":["https:\/\/hodajlaw.com\/2024\/04\/19\/taulant-hodaj-kosovari-i-pare-ne-komitetin-ligjor-te-uefa-se\/"]}]},{"@type":"ImageObject","inLanguage":"sq","@id":"https:\/\/hodajlaw.com\/2024\/04\/19\/taulant-hodaj-kosovari-i-pare-ne-komitetin-ligjor-te-uefa-se\/#primaryimage","url":"https:\/\/hodajlaw.com\/wp-content\/uploads\/2024\/07\/Blog-1-foto-2.jpg","contentUrl":"https:\/\/hodajlaw.com\/wp-content\/uploads\/2024\/07\/Blog-1-foto-2.jpg","width":1600,"height":1067,"caption":"NYON, SWITZERLAND - APRIL 17: A group photo during the UEFA Legal Committee 2024 at the UEFA Headquarters, The House of the European Football, on April 17, 2024 in Nyon, Switzerland. (Photo by Kristian Skeie - UEFA\/UEFA via Getty Images)"},{"@type":"BreadcrumbList","@id":"https:\/\/hodajlaw.com\/2024\/04\/19\/taulant-hodaj-kosovari-i-pare-ne-komitetin-ligjor-te-uefa-se\/#breadcrumb","itemListElement":[{"@type":"ListItem","position":1,"name":"Home","item":"https:\/\/hodajlaw.com\/"},{"@type":"ListItem","position":2,"name":"Taulant Hodaj: The First Kosovar in the UEFA Legal Committee"}]},{"@type":"WebSite","@id":"https:\/\/hodajlaw.com\/#website","url":"https:\/\/hodajlaw.com\/","name":"Hodaj &amp; Partners L.L.C.","description":"Hodaj &amp; Partners","potentialAction":[{"@type":"SearchAction","target":{"@type":"EntryPoint","urlTemplate":"https:\/\/hodajlaw.com\/?s={search_term_string}"},"query-input":{"@type":"PropertyValueSpecification","valueRequired":true,"valueName":"search_term_string"}}],"inLanguage":"sq"},{"@type":"Person","@id":"https:\/\/hodajlaw.com\/#\/schema\/person\/ea169b29050fdded6500c6b0a0903b58","name":"hodajAdmin","image":{"@type":"ImageObject","inLanguage":"sq","@id":"https:\/\/secure.gravatar.com\/avatar\/b5f031ac22151e2c2d3bf27ea56532b4e2efb019488ae0c50755eaa8269c217c?s=96&d=mm&r=g","url":"https:\/\/secure.gravatar.com\/avatar\/b5f031ac22151e2c2d3bf27ea56532b4e2efb019488ae0c50755eaa8269c217c?s=96&d=mm&r=g","contentUrl":"https:\/\/secure.gravatar.com\/avatar\/b5f031ac22151e2c2d3bf27ea56532b4e2efb019488ae0c50755eaa8269c217c?s=96&d=mm&r=g","caption":"hodajAdmin"},"url":"https:\/\/hodajlaw.com\/sq\/author\/hodajadmin\/"}]}},"_links":{"self":[{"href":"https:\/\/hodajlaw.com\/sq\/wp-json\/wp\/v2\/posts\/6181","targetHints":{"allow":["GET"]}}],"collection":[{"href":"https:\/\/hodajlaw.com\/sq\/wp-json\/wp\/v2\/posts"}],"about":[{"href":"https:\/\/hodajlaw.com\/sq\/wp-json\/wp\/v2\/types\/post"}],"author":[{"embeddable":true,"href":"https:\/\/hodajlaw.com\/sq\/wp-json\/wp\/v2\/users\/7"}],"replies":[{"embeddable":true,"href":"https:\/\/hodajlaw.com\/sq\/wp-json\/wp\/v2\/comments?post=6181"}],"version-history":[{"count":9,"href":"https:\/\/hodajlaw.com\/sq\/wp-json\/wp\/v2\/posts\/6181\/revisions"}],"predecessor-version":[{"id":6553,"href":"https:\/\/hodajlaw.com\/sq\/wp-json\/wp\/v2\/posts\/6181\/revisions\/6553"}],"wp:featuredmedia":[{"embeddable":true,"href":"https:\/\/hodajlaw.com\/sq\/wp-json\/wp\/v2\/media\/6182"}],"wp:attachment":[{"href":"https:\/\/hodajlaw.com\/sq\/wp-json\/wp\/v2\/media?parent=6181"}],"wp:term":[{"taxonomy":"category","embeddable":true,"href":"https:\/\/hodajlaw.com\/sq\/wp-json\/wp\/v2\/categories?post=6181"},{"taxonomy":"post_tag","embeddable":true,"href":"https:\/\/hodajlaw.com\/sq\/wp-json\/wp\/v2\/tags?post=6181"}],"curies":[{"name":"wp","href":"https:\/\/api.w.org\/{rel}","templated":true}]}}